{"id":3563,"date":"2021-09-03T13:46:01","date_gmt":"2021-09-03T13:46:01","guid":{"rendered":"https:\/\/veritastestovi.com\/?p=3563"},"modified":"2022-02-01T09:46:32","modified_gmt":"2022-02-01T09:46:32","slug":"mogu-li-godine-oca-utjecati-na-zdravlje-bebe-koja-godina-je-presudna","status":"publish","type":"post","link":"https:\/\/veritastestovi.com\/index.php\/2021\/09\/03\/mogu-li-godine-oca-utjecati-na-zdravlje-bebe-koja-godina-je-presudna\/","title":{"rendered":"Mogu li godine oca utjecati na zdravlje bebe? Koja godina je presudna?"},"content":{"rendered":"\n<p>Svima nam je poznato da sa godinama majke raste rizik od pojave razli\u010ditih genetskih abnormalnosti kod bebe. Svima nam je poznato da s godinama majke raste rizik od pojave razli\u010ditih genetskih abnormalnosti kod bebe. Me\u0111utim, rijetko se spominju godine oca kao rizi\u010dni faktor pojave nekih bolesti ili sindroma kod djece. Postoji li zbog godina oca ve\u0107i rizik od pojave sindroma Down ili nekih drugih oboljenja? Mo\u017eemo li prema tome godine oca promatrati kao jednu od indikacija za neinvazivno prenatalno testiranje? Saznaj u nastavku!<\/p>\n\n\n\n<!--more-->\n\n\n\n<h2 class=\"wp-block-heading\" id=\"rizik-od-kromosomskih-mutacija-raste-s-godinama-majke\">Rizik od kromosomskih mutacija raste s godinama majke<\/h2>\n\n\n\n<p>Svim roditeljima i budu\u0107im roditeljima je dobro poznato da je vjerojatnost ro\u0111enja bebe sa sindromom Down ili nekim drugim sindromom ve\u0107a ukoliko je mama starija od 35 godina. Statistika ka\u017ee da je rizik od pojave sindroma Down kod mama koje imaju 35 godina 1:385, a od bilo koje druge kromosomske abnormalnosti 1:192. Ovaj rizik s godinama raste, te se zbog toga, podatak o godinama majke, zajedno s laboratorijskim i ultrazvu\u010dnim nalazima, uzima u obzir prilikom izra\u010duna rizika od pojave nekog od genetskih sindroma u redovnom testu probira koji svaka trudnica ima priliku napraviti izme\u0111u 12. i 14. tjedna trudno\u0107e. Stoga su godine vrlo bitna, ako ne i najbitnija, indikacija za trudnicu da se podvrgne <a href=\"https:\/\/veritastestovi.com\/index.php\/veritas-home-page-hr\/\" target=\"_blank\" rel=\"noreferrer noopener\">neinvazivnom prenatalnom testiranju<\/a> (NIPT).<\/p>\n\n\n\n<div class=\"wp-block-image\"><figure class=\"aligncenter size-full\"><img fetchpriority=\"high\" decoding=\"async\" width=\"1000\" height=\"800\" src=\"https:\/\/veritastestovi.com\/wp-content\/uploads\/2021\/09\/godine-majke-rizik-genetske-mutacije-1.png\" alt=\"\" class=\"wp-image-3564\" srcset=\"https:\/\/veritastestovi.com\/wp-content\/uploads\/2021\/09\/godine-majke-rizik-genetske-mutacije-1.png 1000w, https:\/\/veritastestovi.com\/wp-content\/uploads\/2021\/09\/godine-majke-rizik-genetske-mutacije-1-300x240.png 300w, https:\/\/veritastestovi.com\/wp-content\/uploads\/2021\/09\/godine-majke-rizik-genetske-mutacije-1-768x614.png 768w\" sizes=\"(max-width: 1000px) 100vw, 1000px\" \/><figcaption>Godine majke su \u010desta indikacija za neinvazivne prenatalne testove.<\/figcaption><\/figure><\/div>\n\n\n\n<h2 class=\"wp-block-heading\" id=\"kako-godine-oca-utjecu-na-razvoj-bebe\">Kako godine oca utje\u010du na razvoj bebe?<\/h2>\n\n\n\n<p>Kada govorimo o indikacijama za <a href=\"https:\/\/veritastestovi.com\/index.php\/2021\/08\/20\/mogu-li-testovi-iz-krvi-majke-zamijeniti-amniocentezu\/\" target=\"_blank\" rel=\"noreferrer noopener\">prenatalno testiranje<\/a>, pored drugih suspektnih nalaza u prvom trimestru, fokus je uglavnom na majkama: koliko godina imaju, jesu li ranije imale prijevremene porode, spontane poba\u010daje i sli\u010dno. Me\u0111utim, kada su u pitanju testovi kojima se utvr\u0111uje zdravlje djeteta, godine oca se rje\u0111e spominju i uzimaju u obzir.<\/p>\n\n\n\n<p>Bez obzira na to, brojne studije ukazuju na utjecaj godina oca na tijek trudno\u0107e i razvoj bebe. U tim studijama, \u010desto se kao \u201eprijelomna to\u010dka\u201c uzima <strong>starost oca od 40-45 godina<\/strong>, iako ne postoji univerzalno prihva\u0107en kriterij s obzirom da sposobnost reprodukcije kod mu\u0161karaca ne prestaje u jednom momentu \u017eivota, kao \u0161to je slu\u010daj kod \u017eena, ve\u0107 samo lagano po\u010dinje slabjeti.<\/p>\n\n\n\n<p>Zdravlje i vitalnost spermatozoida se mijenjaju kod starijih o\u010deva, te s godinama oca raste i rizik mutiranih gena kod takvih spermatozoida, koji kao posljedicu nose rizik od pojave kongenitalnih mana, neurokognitivnih poreme\u0107aja kod djece, ra\u0111anje djece s malom tjelesnom masom, pa \u010dak i pojavu spontanih poba\u010daja i fetalne smrti. (<a href=\"https:\/\/www.contemporaryobgyn.net\/view\/reproductive-risks-advanced-paternal-age\" target=\"_blank\" rel=\"noreferrer noopener\">1<\/a>)<\/p>\n\n\n\n<h2 class=\"wp-block-heading\" id=\"bolesti-i-sindromi-koji-se-cesce-javljaju-ukoliko-je-otac-stariji\">Bolesti i sindromi koji se \u010de\u0161\u0107e javljaju ukoliko je otac stariji<\/h2>\n\n\n\n<p>Za odre\u0111eni broj rijetkih sindroma se ve\u0107 pouzdano zna da se \u010de\u0161\u0107e javljaju kod djece \u010diji je otac u poodmakloj dobi. To su odre\u0111eni <strong>poreme\u0107aji rasta<\/strong>, kao \u0161to su ahondroplazija, tanatoforna displazija, osteogeneza imperfecta, te kraniosinostoti\u010dki sindromi, kao \u0161to su <a href=\"https:\/\/sr.wikipedia.org\/wiki\/Apertov_sindrom\" target=\"_blank\" rel=\"noreferrer noopener\">Apertov<\/a>, <a href=\"https:\/\/bs.warbletoncouncil.org\/sindrome-pfeiffer-6255\" target=\"_blank\" rel=\"noreferrer noopener nofollow\">Pfeifferov <\/a>i <a href=\"https:\/\/sr.wikipedia.org\/wiki\/Kruzonov_sindrom\">Crouzonov <\/a>sindrom. Tako\u0111er, za <a href=\"http:\/\/www.msd-prirucnici.placebo.hr\/msd-prirucnik\/pedijatrija\/neuroloske-bolesti-u-djece\/neurofibromatoza\" target=\"_blank\" rel=\"noreferrer noopener nofollow\">neurofibromatozu <\/a>i <a href=\"https:\/\/sr.wikipedia.org\/sr-el\/%D0%9C%D0%B0%D1%80%D1%84%D0%B0%D0%BD%D0%BE%D0%B2_%D1%81%D0%B8%D0%BD%D0%B4%D1%80%D0%BE%D0%BC\" target=\"_blank\" rel=\"noreferrer noopener\">Marfanov <\/a>sindrom se konstantno potvr\u0111uje da su \u010de\u0161\u0107i kod potomaka starijih o\u010deva.<\/p>\n\n\n\n<p>Pored ovih sindroma i bolesti, \u010desta je pojava uro\u0111enih anomalija, kao \u0161to su <a href=\"https:\/\/www.stetoskop.info\/decje-bolesti-pedijatrija\/sindaktilija\" target=\"_blank\" rel=\"noreferrer noopener nofollow\">sindaktilija<\/a>, uvrnuta stopala, <a href=\"https:\/\/sr.wikipedia.org\/wiki\/Situs_inversus\" target=\"_blank\" rel=\"noreferrer noopener\">situs inversus<\/a> (promjena polo\u017eaja unutra\u0161njih organa, kao u ogledalu), te hondrodistrofija. Zatim, postoji korelacija izme\u0111u godina oca i pojave rascjepa nepca, mi\u0161i\u0107no-ko\u0161tanih sindroma i <a href=\"https:\/\/en.wikipedia.org\/wiki\/Patent_ductus_arteriosus\" target=\"_blank\" rel=\"noreferrer noopener\">otvorenog duktusa arteriozusa<\/a>. (<a href=\"https:\/\/www.fertstert.org\/article\/S0015-0282(16)63091-1\/fulltext\" target=\"_blank\" rel=\"noreferrer noopener\">2<\/a>)<\/p>\n\n\n\n<p>Dakle, izvjesno je da se razli\u010dita oboljenja i sindromi mogu pojaviti kao posljedica poodmakle dobi oca, a ne samo majke.<\/p>\n\n\n\n<div class=\"wp-block-image\"><figure class=\"aligncenter size-full\"><img decoding=\"async\" width=\"800\" height=\"529\" src=\"https:\/\/veritastestovi.com\/wp-content\/uploads\/2021\/08\/otac-i-beba-3a.jpg\" alt=\"\" class=\"wp-image-3355\" srcset=\"https:\/\/veritastestovi.com\/wp-content\/uploads\/2021\/08\/otac-i-beba-3a.jpg 800w, https:\/\/veritastestovi.com\/wp-content\/uploads\/2021\/08\/otac-i-beba-3a-300x198.jpg 300w, https:\/\/veritastestovi.com\/wp-content\/uploads\/2021\/08\/otac-i-beba-3a-768x508.jpg 768w\" sizes=\"(max-width: 800px) 100vw, 800px\" \/><figcaption>Godine oca mogu utjecati na zdravlje ploda, ali i na ishod trudno\u0107e.<\/figcaption><\/figure><\/div>\n\n\n\n<h2 class=\"wp-block-heading\" id=\"povecava-li-se-rizik-od-pojave-sindroma-down-ukoliko-je-otac-stariji\">Pove\u0107ava li se rizik od pojave sindroma Down ukoliko je otac stariji?<\/h2>\n\n\n\n<p>Starost majke se uzima kao jedan od najva\u017enijih faktora rizika, kada se govori o vjerojatnosti da se dijete rodi sa <a href=\"https:\/\/sr.wikipedia.org\/sr-el\/%D0%94%D0%B0%D1%83%D0%BD%D0%BE%D0%B2_%D1%81%D0%B8%D0%BD%D0%B4%D1%80%D0%BE%D0%BC\" target=\"_blank\" rel=\"noreferrer noopener\">sindromom Down<\/a>. Me\u0111utim, iako se poodmakle godine oca tu rijetko spominju, postoji odre\u0111ena korelacija s pojavom ovog sindroma.<\/p>\n\n\n\n<p>Vi\u0161ak genetskog materijala na kromosomu 21 (trisomija 21) mo\u017ee se pojaviti i zbog spermatozoida. <strong>Znanstvenici su suglasni da se pojava sindroma Down mo\u017ee pripisati o\u010devima i njihovim godinama u <a href=\"https:\/\/pubmed.ncbi.nlm.nih.gov\/7927339\/\" target=\"_blank\" rel=\"noreferrer noopener\">5 do 10% slu\u010dajeva<\/a>, dok neki smatraju da je to \u010dak u <a href=\"https:\/\/pubmed.ncbi.nlm.nih.gov\/11393539\/\" target=\"_blank\" rel=\"noreferrer noopener\">20% slu\u010dajeva<\/a>.<\/strong> Kako mu\u0161karci stare, sve je ve\u0107a vjerojatnost da dobiju dijete sa sindromom Down, jer je ve\u0107a i vjerojatnost da sam proces spermatogeneze (proizvodnje spermatozoida) ne pro\u0111e ba\u0161 onako kako treba i da takvi spermatozoidi nose odre\u0111ene genetske gre\u0161ke, kao \u0161to je jedan dodatni kromosom. (<a href=\"https:\/\/www.theatlantic.com\/health\/archive\/2015\/11\/genetic-screening-down-syndrome-fathers\/415320\/\" target=\"_blank\" rel=\"noreferrer noopener\">3<\/a>)<\/p>\n\n\n\n<p>U jednoj studiji, objavljenoj 2003. u dr\u017eavi New York, u SAD-u, ispitani su svi slu\u010dajevi pojave sindroma Down kod djece \u010diji su roditelji stariji od 40 godina, i zaklju\u010deno je da je doprinos godina oca ovoj pojavi \u010dak i 50%. Druga studija je pokazala da porast broja godina oca za 10, pove\u0107ava rizik sindroma Down za 11%. (<a href=\"https:\/\/www.contemporaryobgyn.net\/view\/reproductive-risks-advanced-paternal-age\" target=\"_blank\" rel=\"noreferrer noopener\">1<\/a>)<\/p>\n\n\n\n<p>Treba napomenuti i da su sli\u010dni rezultati studije objavljeni i za slu\u010dajeve kada su o\u010devi bili vrlo mladi (starosti oko 20 godina), zbog toga \u0161to spermatogeneza kod mla\u0111ih mu\u0161karaca vjerojatno mo\u017ee uzrokovati iste mutacije, kao i kod mu\u0161karaca koji su stariji od 40 godina.<\/p>\n\n\n\n<p>Pored sindroma Down, potvr\u0111eno je da su godine oca veliki faktor rizika za pojavu <a href=\"https:\/\/sr.wikipedia.org\/sr-el\/%D0%9A%D0%BB%D0%B8%D0%BD%D0%B5%D1%84%D0%B5%D0%BB%D1%82%D0%B5%D1%80%D0%BE%D0%B2_%D1%81%D0%B8%D0%BD%D0%B4%D1%80%D0%BE%D0%BC\" target=\"_blank\" rel=\"noreferrer noopener\">Klinefelter sindroma <\/a>(trisomija XXY). Studija je dokazala da <strong>porast broja godina oca za 10, pove\u0107ava rizik ovog sindroma za \u010dak 35%.<\/strong>  (<a href=\"https:\/\/www.contemporaryobgyn.net\/view\/reproductive-risks-advanced-paternal-age\" target=\"_blank\" rel=\"noreferrer noopener\">4<\/a>)<\/p>\n\n\n\n<p>Studije na temu utjecaja godina oca na pojavu sindroma Down i drugih genetskih sindroma do danas ipak nisu dovoljno detaljno provedene, te je te\u0161ko sa sigurno\u0161\u0107u re\u0107i koliki je to\u010dno utjecaj godina oca, ali je evidentno da postoji.<\/p>\n\n\n\n<p>Va\u017eno je napomenuti da se postojanje sindroma Down i Klinefelterovog sindroma, kao i mnogih drugih, kod bebe mogu vrlo lako i s visokom pouzdano\u0161\u0107u utvrditi ve\u0107 od 10. tjedna trudno\u0107e uz pomo\u0107 <a href=\"https:\/\/veritastestovi.com\/index.php\/veritas-myprenatal-neinvanzivni-prenatalni-test-hr\/\" target=\"_blank\" rel=\"noreferrer noopener\">neinvazivnih prenatalnih testova<\/a>. Zbog toga se svakako savjetuju svim roditeljima, kako bi znali je li njihova beba genetski zdrava i kako bi u miru do\u010dekali kraj trudno\u0107e.<\/p>\n\n\n\n<h2 class=\"wp-block-heading\" id=\"cesca-pojava-vantjelesnih-oplodnji-kod-starijih-roditelja\">\u010ce\u0161\u0107a pojava vantjelesnih oplodnji kod starijih roditelja<\/h2>\n\n\n\n<p>Pored utjecaja godina roditelja na fiziolo\u0161ke procese koji se odvijaju prilikom za\u010de\u0107a i razvoja bebe, znamo da i sposobnost za reprodukciju opada s brojem godina. Kada govorimo o mu\u0161karcima, dokazano je da s godinama opada nivo lu\u010denja testosterona, \u0161to utje\u010de na smanjen libido, seksualnu funkciju, a time i vjerojatnost da do\u0111e do oplodnje. Sve ovo uzrokuje sve ve\u0107i broj izvantjelesnih oplodnji.  (<a href=\"https:\/\/www.contemporaryobgyn.net\/view\/reproductive-risks-advanced-paternal-age\" target=\"_blank\" rel=\"noreferrer noopener\">1<\/a>) <\/p>\n\n\n\n<p>S obzirom da znamo da <strong>bebe za\u010dete u procesu izvantjelesne oplodnje imaju ve\u0107u vjerojatnost za manifestaciju nekih kromosomskih abnormalnosti<\/strong>, mo\u017eemo re\u0107i da je to jo\u0161 jedan razlog za\u0161to su godine oca indikacija za trudnice da se podvrgnu neinvazivnom prenatalnom testiranju.<\/p>\n\n\n\n<p>Dakle, sasvim sigurno mo\u017eemo re\u0107i da nisu samo godine majke faktor rizika za pojavu kromosomskih abnormalnosti kod bebe, ve\u0107 su to i godine oca, i to iz dva aspekta:<\/p>\n\n\n\n<ul class=\"wp-block-list\"><li>o\u010devi stariji od 40-45 godina proizvode spermatozoide za koje postoji ve\u0107a vjerojatnost da nose mutirani gen<\/li><li>s godinama oca ote\u017eava se i sam proces reprodukcije, te se pove\u0107ava broj izvantjelesnih oplodnji, koje stvaraju odre\u0111eni rizik za pojavu kromosomskih abnormalnosti<\/li><\/ul>\n\n\n\n<p>Iz tog razloga \u017eelimo zaklju\u010diti da ne treba isklju\u010divo godine majke razmatrati kao jednu od indikacija za neinvazivno prenatalno testiranje, nego treba razmatrati godine oba roditelja. Ipak je zdravlje bebe briga i mame i tate, zar ne? Tako\u0111er, savjetujemo genetske prenatalne testove svim roditeljima koji jednostavno \u017eele mirno spavati tijekom trudno\u0107e i s rado\u0161\u0107u \u010dekati svoju bebu.<\/p>\n\n\n\n<p><\/p>\n\n\n\n<p>Izvori:<\/p>\n\n\n\n<ol class=\"wp-block-list\"><li><a href=\"https:\/\/www.contemporaryobgyn.net\/view\/reproductive-risks-advanced-paternal-age\" target=\"_blank\" rel=\"noreferrer noopener\">Reproductive risks of advanced paternal age<\/a><\/li><li><a href=\"https:\/\/www.fertstert.org\/article\/S0015-0282(16)63091-1\/fulltext\" target=\"_blank\" rel=\"noreferrer noopener\">Is advanced paternal age a health risk for the offspring?<\/a><\/li><li><a href=\"https:\/\/www.theatlantic.com\/health\/archive\/2015\/11\/genetic-screening-down-syndrome-fathers\/415320\/\" target=\"_blank\" rel=\"noreferrer noopener\">Down-Syndrome Screening: A One-Parent Test for a Two-Parent Risk<\/a><\/li><\/ol>\n\n\n\n<p><\/p>\n","protected":false},"excerpt":{"rendered":"<p>Svima nam je poznato da sa godinama majke raste rizik od pojave razli\u010ditih genetskih abnormalnosti kod bebe. Svima nam je poznato da s godinama majke raste rizik od pojave razli\u010ditih genetskih abnormalnosti kod bebe. Me\u0111utim, rijetko se spominju godine oca kao rizi\u010dni faktor pojave nekih bolesti ili sindroma kod djece. Postoji li zbog godina oca ve\u0107i rizik od pojave sindroma Down ili nekih drugih oboljenja? Mo\u017eemo li prema tome godine oca promatrati kao jednu od indikacija za neinvazivno prenatalno testiranje? Saznaj u nastavku!<\/p>\n","protected":false},"author":2,"featured_media":3359,"comment_status":"closed","ping_status":"open","sticky":false,"template":"","format":"standard","meta":{"footnotes":""},"categories":[32],"tags":[33,34,35,27,28,26],"class_list":["post-3563","post","type-post","status-publish","format-standard","has-post-thumbnail","hentry","category-blog-hr","tag-down-sindrom","tag-faktori-rizika-za-bolesti-kod-djece","tag-godine-roditelja","tag-neinvazivno-prenatalno-testiranje","tag-nipt","tag-prenatalno-testiranje"],"yoast_head":"<!-- This site is optimized with the Yoast SEO plugin v27.3 - https:\/\/yoast.com\/product\/yoast-seo-wordpress\/ -->\n<title>Mogu li godine oca utjecati na zdravlje bebe? Koja godina je presudna? - Veritas Genetski Testovi<\/title>\n<meta name=\"description\" content=\"Postoji li zbog godina oca ve\u0107i rizik od pojave sindroma Down? Mo\u017eemo li godine oca promatrati kao indikaciju za neinvazivno prenatalno testiranje?\" \/>\n<meta name=\"robots\" content=\"index, follow, max-snippet:-1, max-image-preview:large, max-video-preview:-1\" \/>\n<link rel=\"canonical\" href=\"https:\/\/veritastestovi.com\/index.php\/2021\/09\/03\/mogu-li-godine-oca-utjecati-na-zdravlje-bebe-koja-godina-je-presudna\/\" \/>\n<meta property=\"og:locale\" content=\"en_US\" \/>\n<meta property=\"og:type\" content=\"article\" \/>\n<meta property=\"og:title\" content=\"Mogu li godine oca utjecati na zdravlje bebe? Koja godina je presudna? - Veritas Genetski Testovi\" \/>\n<meta property=\"og:description\" content=\"Postoji li zbog godina oca ve\u0107i rizik od pojave sindroma Down? Mo\u017eemo li godine oca promatrati kao indikaciju za neinvazivno prenatalno testiranje?\" \/>\n<meta property=\"og:url\" content=\"https:\/\/veritastestovi.com\/index.php\/2021\/09\/03\/mogu-li-godine-oca-utjecati-na-zdravlje-bebe-koja-godina-je-presudna\/\" \/>\n<meta property=\"og:site_name\" content=\"Veritas Genetski Testovi\" \/>\n<meta property=\"article:published_time\" content=\"2021-09-03T13:46:01+00:00\" \/>\n<meta property=\"article:modified_time\" content=\"2022-02-01T09:46:32+00:00\" \/>\n<meta property=\"og:image\" content=\"https:\/\/veritastestovi.com\/wp-content\/uploads\/2021\/08\/godine-oca-zdravlje-bebe-1.jpg\" \/>\n\t<meta property=\"og:image:width\" content=\"1200\" \/>\n\t<meta property=\"og:image:height\" content=\"800\" \/>\n\t<meta property=\"og:image:type\" content=\"image\/jpeg\" \/>\n<meta name=\"author\" content=\"btgmed\" \/>\n<meta name=\"twitter:card\" content=\"summary_large_image\" \/>\n<meta name=\"twitter:label1\" content=\"Written by\" \/>\n\t<meta name=\"twitter:data1\" content=\"btgmed\" \/>\n\t<meta name=\"twitter:label2\" content=\"Est. reading time\" \/>\n\t<meta name=\"twitter:data2\" content=\"6 minutes\" \/>\n<script type=\"application\/ld+json\" class=\"yoast-schema-graph\">{\"@context\":\"https:\\\/\\\/schema.org\",\"@graph\":[{\"@type\":\"Article\",\"@id\":\"https:\\\/\\\/veritastestovi.com\\\/index.php\\\/2021\\\/09\\\/03\\\/mogu-li-godine-oca-utjecati-na-zdravlje-bebe-koja-godina-je-presudna\\\/#article\",\"isPartOf\":{\"@id\":\"https:\\\/\\\/veritastestovi.com\\\/index.php\\\/2021\\\/09\\\/03\\\/mogu-li-godine-oca-utjecati-na-zdravlje-bebe-koja-godina-je-presudna\\\/\"},\"author\":{\"name\":\"btgmed\",\"@id\":\"https:\\\/\\\/veritastestovi.com\\\/#\\\/schema\\\/person\\\/161db900241f47f83b038be93e5df69b\"},\"headline\":\"Mogu li godine oca utjecati na zdravlje bebe? Koja godina je presudna?\",\"datePublished\":\"2021-09-03T13:46:01+00:00\",\"dateModified\":\"2022-02-01T09:46:32+00:00\",\"mainEntityOfPage\":{\"@id\":\"https:\\\/\\\/veritastestovi.com\\\/index.php\\\/2021\\\/09\\\/03\\\/mogu-li-godine-oca-utjecati-na-zdravlje-bebe-koja-godina-je-presudna\\\/\"},\"wordCount\":1267,\"publisher\":{\"@id\":\"https:\\\/\\\/veritastestovi.com\\\/#organization\"},\"image\":{\"@id\":\"https:\\\/\\\/veritastestovi.com\\\/index.php\\\/2021\\\/09\\\/03\\\/mogu-li-godine-oca-utjecati-na-zdravlje-bebe-koja-godina-je-presudna\\\/#primaryimage\"},\"thumbnailUrl\":\"https:\\\/\\\/veritastestovi.com\\\/wp-content\\\/uploads\\\/2021\\\/08\\\/godine-oca-zdravlje-bebe-1.jpg\",\"keywords\":[\"Down sindrom\",\"faktori rizika za bolesti kod djece\",\"godine roditelja\",\"neinvazivno prenatalno testiranje\",\"nipt\",\"prenatalno testiranje\"],\"articleSection\":[\"Blog HR\"],\"inLanguage\":\"en-US\"},{\"@type\":\"WebPage\",\"@id\":\"https:\\\/\\\/veritastestovi.com\\\/index.php\\\/2021\\\/09\\\/03\\\/mogu-li-godine-oca-utjecati-na-zdravlje-bebe-koja-godina-je-presudna\\\/\",\"url\":\"https:\\\/\\\/veritastestovi.com\\\/index.php\\\/2021\\\/09\\\/03\\\/mogu-li-godine-oca-utjecati-na-zdravlje-bebe-koja-godina-je-presudna\\\/\",\"name\":\"Mogu li godine oca utjecati na zdravlje bebe? Koja godina je presudna? - Veritas Genetski Testovi\",\"isPartOf\":{\"@id\":\"https:\\\/\\\/veritastestovi.com\\\/#website\"},\"primaryImageOfPage\":{\"@id\":\"https:\\\/\\\/veritastestovi.com\\\/index.php\\\/2021\\\/09\\\/03\\\/mogu-li-godine-oca-utjecati-na-zdravlje-bebe-koja-godina-je-presudna\\\/#primaryimage\"},\"image\":{\"@id\":\"https:\\\/\\\/veritastestovi.com\\\/index.php\\\/2021\\\/09\\\/03\\\/mogu-li-godine-oca-utjecati-na-zdravlje-bebe-koja-godina-je-presudna\\\/#primaryimage\"},\"thumbnailUrl\":\"https:\\\/\\\/veritastestovi.com\\\/wp-content\\\/uploads\\\/2021\\\/08\\\/godine-oca-zdravlje-bebe-1.jpg\",\"datePublished\":\"2021-09-03T13:46:01+00:00\",\"dateModified\":\"2022-02-01T09:46:32+00:00\",\"description\":\"Postoji li zbog godina oca ve\u0107i rizik od pojave sindroma Down? Mo\u017eemo li godine oca promatrati kao indikaciju za neinvazivno prenatalno testiranje?\",\"breadcrumb\":{\"@id\":\"https:\\\/\\\/veritastestovi.com\\\/index.php\\\/2021\\\/09\\\/03\\\/mogu-li-godine-oca-utjecati-na-zdravlje-bebe-koja-godina-je-presudna\\\/#breadcrumb\"},\"inLanguage\":\"en-US\",\"potentialAction\":[{\"@type\":\"ReadAction\",\"target\":[\"https:\\\/\\\/veritastestovi.com\\\/index.php\\\/2021\\\/09\\\/03\\\/mogu-li-godine-oca-utjecati-na-zdravlje-bebe-koja-godina-je-presudna\\\/\"]}]},{\"@type\":\"ImageObject\",\"inLanguage\":\"en-US\",\"@id\":\"https:\\\/\\\/veritastestovi.com\\\/index.php\\\/2021\\\/09\\\/03\\\/mogu-li-godine-oca-utjecati-na-zdravlje-bebe-koja-godina-je-presudna\\\/#primaryimage\",\"url\":\"https:\\\/\\\/veritastestovi.com\\\/wp-content\\\/uploads\\\/2021\\\/08\\\/godine-oca-zdravlje-bebe-1.jpg\",\"contentUrl\":\"https:\\\/\\\/veritastestovi.com\\\/wp-content\\\/uploads\\\/2021\\\/08\\\/godine-oca-zdravlje-bebe-1.jpg\",\"width\":1200,\"height\":800,\"caption\":\"Da li godine oca mogu da budu indikacija za prenatalno testiranje?\"},{\"@type\":\"BreadcrumbList\",\"@id\":\"https:\\\/\\\/veritastestovi.com\\\/index.php\\\/2021\\\/09\\\/03\\\/mogu-li-godine-oca-utjecati-na-zdravlje-bebe-koja-godina-je-presudna\\\/#breadcrumb\",\"itemListElement\":[{\"@type\":\"ListItem\",\"position\":1,\"name\":\"Home\",\"item\":\"https:\\\/\\\/veritastestovi.com\\\/\"},{\"@type\":\"ListItem\",\"position\":2,\"name\":\"Mogu li godine oca utjecati na zdravlje bebe? Koja godina je presudna?\"}]},{\"@type\":\"WebSite\",\"@id\":\"https:\\\/\\\/veritastestovi.com\\\/#website\",\"url\":\"https:\\\/\\\/veritastestovi.com\\\/\",\"name\":\"Veritas Genetski Testovi\",\"description\":\"\",\"publisher\":{\"@id\":\"https:\\\/\\\/veritastestovi.com\\\/#organization\"},\"potentialAction\":[{\"@type\":\"SearchAction\",\"target\":{\"@type\":\"EntryPoint\",\"urlTemplate\":\"https:\\\/\\\/veritastestovi.com\\\/?s={search_term_string}\"},\"query-input\":{\"@type\":\"PropertyValueSpecification\",\"valueRequired\":true,\"valueName\":\"search_term_string\"}}],\"inLanguage\":\"en-US\"},{\"@type\":\"Organization\",\"@id\":\"https:\\\/\\\/veritastestovi.com\\\/#organization\",\"name\":\"Veritas testovi - BTGMED\",\"url\":\"https:\\\/\\\/veritastestovi.com\\\/\",\"logo\":{\"@type\":\"ImageObject\",\"inLanguage\":\"en-US\",\"@id\":\"https:\\\/\\\/veritastestovi.com\\\/#\\\/schema\\\/logo\\\/image\\\/\",\"url\":\"https:\\\/\\\/veritastestovi.com\\\/wp-content\\\/uploads\\\/2021\\\/04\\\/btg-med.png\",\"contentUrl\":\"https:\\\/\\\/veritastestovi.com\\\/wp-content\\\/uploads\\\/2021\\\/04\\\/btg-med.png\",\"width\":1608,\"height\":536,\"caption\":\"Veritas testovi - BTGMED\"},\"image\":{\"@id\":\"https:\\\/\\\/veritastestovi.com\\\/#\\\/schema\\\/logo\\\/image\\\/\"}},{\"@type\":\"Person\",\"@id\":\"https:\\\/\\\/veritastestovi.com\\\/#\\\/schema\\\/person\\\/161db900241f47f83b038be93e5df69b\",\"name\":\"btgmed\",\"image\":{\"@type\":\"ImageObject\",\"inLanguage\":\"en-US\",\"@id\":\"https:\\\/\\\/secure.gravatar.com\\\/avatar\\\/23231b2dc3bf82b2075bb77e7a87406462470335686bee2dd4ff164fc03a673e?s=96&d=mm&r=g\",\"url\":\"https:\\\/\\\/secure.gravatar.com\\\/avatar\\\/23231b2dc3bf82b2075bb77e7a87406462470335686bee2dd4ff164fc03a673e?s=96&d=mm&r=g\",\"contentUrl\":\"https:\\\/\\\/secure.gravatar.com\\\/avatar\\\/23231b2dc3bf82b2075bb77e7a87406462470335686bee2dd4ff164fc03a673e?s=96&d=mm&r=g\",\"caption\":\"btgmed\"},\"url\":\"https:\\\/\\\/veritastestovi.com\\\/index.php\\\/author\\\/btgmed\\\/\"}]}<\/script>\n<!-- \/ Yoast SEO plugin. -->","yoast_head_json":{"title":"Mogu li godine oca utjecati na zdravlje bebe? Koja godina je presudna? - Veritas Genetski Testovi","description":"Postoji li zbog godina oca ve\u0107i rizik od pojave sindroma Down? Mo\u017eemo li godine oca promatrati kao indikaciju za neinvazivno prenatalno testiranje?","robots":{"index":"index","follow":"follow","max-snippet":"max-snippet:-1","max-image-preview":"max-image-preview:large","max-video-preview":"max-video-preview:-1"},"canonical":"https:\/\/veritastestovi.com\/index.php\/2021\/09\/03\/mogu-li-godine-oca-utjecati-na-zdravlje-bebe-koja-godina-je-presudna\/","og_locale":"en_US","og_type":"article","og_title":"Mogu li godine oca utjecati na zdravlje bebe? Koja godina je presudna? - Veritas Genetski Testovi","og_description":"Postoji li zbog godina oca ve\u0107i rizik od pojave sindroma Down? Mo\u017eemo li godine oca promatrati kao indikaciju za neinvazivno prenatalno testiranje?","og_url":"https:\/\/veritastestovi.com\/index.php\/2021\/09\/03\/mogu-li-godine-oca-utjecati-na-zdravlje-bebe-koja-godina-je-presudna\/","og_site_name":"Veritas Genetski Testovi","article_published_time":"2021-09-03T13:46:01+00:00","article_modified_time":"2022-02-01T09:46:32+00:00","og_image":[{"width":1200,"height":800,"url":"https:\/\/veritastestovi.com\/wp-content\/uploads\/2021\/08\/godine-oca-zdravlje-bebe-1.jpg","type":"image\/jpeg"}],"author":"btgmed","twitter_card":"summary_large_image","twitter_misc":{"Written by":"btgmed","Est. reading time":"6 minutes"},"schema":{"@context":"https:\/\/schema.org","@graph":[{"@type":"Article","@id":"https:\/\/veritastestovi.com\/index.php\/2021\/09\/03\/mogu-li-godine-oca-utjecati-na-zdravlje-bebe-koja-godina-je-presudna\/#article","isPartOf":{"@id":"https:\/\/veritastestovi.com\/index.php\/2021\/09\/03\/mogu-li-godine-oca-utjecati-na-zdravlje-bebe-koja-godina-je-presudna\/"},"author":{"name":"btgmed","@id":"https:\/\/veritastestovi.com\/#\/schema\/person\/161db900241f47f83b038be93e5df69b"},"headline":"Mogu li godine oca utjecati na zdravlje bebe? Koja godina je presudna?","datePublished":"2021-09-03T13:46:01+00:00","dateModified":"2022-02-01T09:46:32+00:00","mainEntityOfPage":{"@id":"https:\/\/veritastestovi.com\/index.php\/2021\/09\/03\/mogu-li-godine-oca-utjecati-na-zdravlje-bebe-koja-godina-je-presudna\/"},"wordCount":1267,"publisher":{"@id":"https:\/\/veritastestovi.com\/#organization"},"image":{"@id":"https:\/\/veritastestovi.com\/index.php\/2021\/09\/03\/mogu-li-godine-oca-utjecati-na-zdravlje-bebe-koja-godina-je-presudna\/#primaryimage"},"thumbnailUrl":"https:\/\/veritastestovi.com\/wp-content\/uploads\/2021\/08\/godine-oca-zdravlje-bebe-1.jpg","keywords":["Down sindrom","faktori rizika za bolesti kod djece","godine roditelja","neinvazivno prenatalno testiranje","nipt","prenatalno testiranje"],"articleSection":["Blog HR"],"inLanguage":"en-US"},{"@type":"WebPage","@id":"https:\/\/veritastestovi.com\/index.php\/2021\/09\/03\/mogu-li-godine-oca-utjecati-na-zdravlje-bebe-koja-godina-je-presudna\/","url":"https:\/\/veritastestovi.com\/index.php\/2021\/09\/03\/mogu-li-godine-oca-utjecati-na-zdravlje-bebe-koja-godina-je-presudna\/","name":"Mogu li godine oca utjecati na zdravlje bebe? Koja godina je presudna? - Veritas Genetski Testovi","isPartOf":{"@id":"https:\/\/veritastestovi.com\/#website"},"primaryImageOfPage":{"@id":"https:\/\/veritastestovi.com\/index.php\/2021\/09\/03\/mogu-li-godine-oca-utjecati-na-zdravlje-bebe-koja-godina-je-presudna\/#primaryimage"},"image":{"@id":"https:\/\/veritastestovi.com\/index.php\/2021\/09\/03\/mogu-li-godine-oca-utjecati-na-zdravlje-bebe-koja-godina-je-presudna\/#primaryimage"},"thumbnailUrl":"https:\/\/veritastestovi.com\/wp-content\/uploads\/2021\/08\/godine-oca-zdravlje-bebe-1.jpg","datePublished":"2021-09-03T13:46:01+00:00","dateModified":"2022-02-01T09:46:32+00:00","description":"Postoji li zbog godina oca ve\u0107i rizik od pojave sindroma Down? Mo\u017eemo li godine oca promatrati kao indikaciju za neinvazivno prenatalno testiranje?","breadcrumb":{"@id":"https:\/\/veritastestovi.com\/index.php\/2021\/09\/03\/mogu-li-godine-oca-utjecati-na-zdravlje-bebe-koja-godina-je-presudna\/#breadcrumb"},"inLanguage":"en-US","potentialAction":[{"@type":"ReadAction","target":["https:\/\/veritastestovi.com\/index.php\/2021\/09\/03\/mogu-li-godine-oca-utjecati-na-zdravlje-bebe-koja-godina-je-presudna\/"]}]},{"@type":"ImageObject","inLanguage":"en-US","@id":"https:\/\/veritastestovi.com\/index.php\/2021\/09\/03\/mogu-li-godine-oca-utjecati-na-zdravlje-bebe-koja-godina-je-presudna\/#primaryimage","url":"https:\/\/veritastestovi.com\/wp-content\/uploads\/2021\/08\/godine-oca-zdravlje-bebe-1.jpg","contentUrl":"https:\/\/veritastestovi.com\/wp-content\/uploads\/2021\/08\/godine-oca-zdravlje-bebe-1.jpg","width":1200,"height":800,"caption":"Da li godine oca mogu da budu indikacija za prenatalno testiranje?"},{"@type":"BreadcrumbList","@id":"https:\/\/veritastestovi.com\/index.php\/2021\/09\/03\/mogu-li-godine-oca-utjecati-na-zdravlje-bebe-koja-godina-je-presudna\/#breadcrumb","itemListElement":[{"@type":"ListItem","position":1,"name":"Home","item":"https:\/\/veritastestovi.com\/"},{"@type":"ListItem","position":2,"name":"Mogu li godine oca utjecati na zdravlje bebe? Koja godina je presudna?"}]},{"@type":"WebSite","@id":"https:\/\/veritastestovi.com\/#website","url":"https:\/\/veritastestovi.com\/","name":"Veritas Genetski Testovi","description":"","publisher":{"@id":"https:\/\/veritastestovi.com\/#organization"},"potentialAction":[{"@type":"SearchAction","target":{"@type":"EntryPoint","urlTemplate":"https:\/\/veritastestovi.com\/?s={search_term_string}"},"query-input":{"@type":"PropertyValueSpecification","valueRequired":true,"valueName":"search_term_string"}}],"inLanguage":"en-US"},{"@type":"Organization","@id":"https:\/\/veritastestovi.com\/#organization","name":"Veritas testovi - BTGMED","url":"https:\/\/veritastestovi.com\/","logo":{"@type":"ImageObject","inLanguage":"en-US","@id":"https:\/\/veritastestovi.com\/#\/schema\/logo\/image\/","url":"https:\/\/veritastestovi.com\/wp-content\/uploads\/2021\/04\/btg-med.png","contentUrl":"https:\/\/veritastestovi.com\/wp-content\/uploads\/2021\/04\/btg-med.png","width":1608,"height":536,"caption":"Veritas testovi - BTGMED"},"image":{"@id":"https:\/\/veritastestovi.com\/#\/schema\/logo\/image\/"}},{"@type":"Person","@id":"https:\/\/veritastestovi.com\/#\/schema\/person\/161db900241f47f83b038be93e5df69b","name":"btgmed","image":{"@type":"ImageObject","inLanguage":"en-US","@id":"https:\/\/secure.gravatar.com\/avatar\/23231b2dc3bf82b2075bb77e7a87406462470335686bee2dd4ff164fc03a673e?s=96&d=mm&r=g","url":"https:\/\/secure.gravatar.com\/avatar\/23231b2dc3bf82b2075bb77e7a87406462470335686bee2dd4ff164fc03a673e?s=96&d=mm&r=g","contentUrl":"https:\/\/secure.gravatar.com\/avatar\/23231b2dc3bf82b2075bb77e7a87406462470335686bee2dd4ff164fc03a673e?s=96&d=mm&r=g","caption":"btgmed"},"url":"https:\/\/veritastestovi.com\/index.php\/author\/btgmed\/"}]}},"_links":{"self":[{"href":"https:\/\/veritastestovi.com\/index.php\/wp-json\/wp\/v2\/posts\/3563","targetHints":{"allow":["GET"]}}],"collection":[{"href":"https:\/\/veritastestovi.com\/index.php\/wp-json\/wp\/v2\/posts"}],"about":[{"href":"https:\/\/veritastestovi.com\/index.php\/wp-json\/wp\/v2\/types\/post"}],"author":[{"embeddable":true,"href":"https:\/\/veritastestovi.com\/index.php\/wp-json\/wp\/v2\/users\/2"}],"replies":[{"embeddable":true,"href":"https:\/\/veritastestovi.com\/index.php\/wp-json\/wp\/v2\/comments?post=3563"}],"version-history":[{"count":0,"href":"https:\/\/veritastestovi.com\/index.php\/wp-json\/wp\/v2\/posts\/3563\/revisions"}],"wp:featuredmedia":[{"embeddable":true,"href":"https:\/\/veritastestovi.com\/index.php\/wp-json\/wp\/v2\/media\/3359"}],"wp:attachment":[{"href":"https:\/\/veritastestovi.com\/index.php\/wp-json\/wp\/v2\/media?parent=3563"}],"wp:term":[{"taxonomy":"category","embeddable":true,"href":"https:\/\/veritastestovi.com\/index.php\/wp-json\/wp\/v2\/categories?post=3563"},{"taxonomy":"post_tag","embeddable":true,"href":"https:\/\/veritastestovi.com\/index.php\/wp-json\/wp\/v2\/tags?post=3563"}],"curies":[{"name":"wp","href":"https:\/\/api.w.org\/{rel}","templated":true}]}}